{"id":100967,"date":"2025-12-21T10:42:56","date_gmt":"2025-12-21T10:42:56","guid":{"rendered":"https:\/\/oesfrauen.com\/?p=100967"},"modified":"2025-12-21T10:43:14","modified_gmt":"2025-12-21T10:43:14","slug":"gemeinsame-weihnachts-und-neujahrsfeier-besuch-des-christkindlmarktes-in-durnstein","status":"publish","type":"post","link":"https:\/\/oesfrauen.com\/sr\/gemeinsame-weihnachts-und-neujahrsfeier-besuch-des-christkindlmarktes-in-durnstein\/","title":{"rendered":"Gemeinsame Weihnachts- und Neujahrsfeier: Besuch des Christkindlmarktes in D\u00fcrnstein"},"content":{"rendered":"<p>[et_pb_section fb_built=&#8220;1&#8243; _builder_version=&#8220;4.27.3&#8243; _module_preset=&#8220;default&#8220; global_colors_info=&#8220;{}&#8220;][et_pb_row use_custom_gutter=&#8220;on&#8220; gutter_width=&#8220;2&#8243; make_equal=&#8220;on&#8220; _builder_version=&#8220;4.27.3&#8243; _module_preset=&#8220;default&#8220; global_colors_info=&#8220;{}&#8220;][et_pb_column type=&#8220;4_4&#8243; _builder_version=&#8220;4.27.3&#8243; _module_preset=&#8220;default&#8220; global_colors_info=&#8220;{}&#8220;][et_pb_gallery gallery_ids=&#8220;100971,100972,100973,100974,100975,100976,100977&#8243; posts_number=&#8220;20&#8243; show_title_and_caption=&#8220;off&#8220; _builder_version=&#8220;4.27.3&#8243; _module_preset=&#8220;default&#8220; global_colors_info=&#8220;{}&#8220;][\/et_pb_gallery][\/et_pb_column][\/et_pb_row][et_pb_row _builder_version=&#8220;4.27.3&#8243; _module_preset=&#8220;default&#8220; global_colors_info=&#8220;{}&#8220;][et_pb_column type=&#8220;4_4&#8243; _builder_version=&#8220;4.27.3&#8243; _module_preset=&#8220;default&#8220; global_colors_info=&#8220;{}&#8220;][et_pb_text _builder_version=&#8220;4.27.3&#8243; _module_preset=&#8220;default&#8220; text_font_size=&#8220;16px&#8220; global_colors_info=&#8220;{}&#8220;]<\/p>\n<p class=\"p1\"><span class=\"s1\">Im Rahmen der gemeinsamen Feier der <\/span><b>Weihnachts- und Neujahrsfeiertage<\/b><span class=\"s1\"> organisierte der <\/span><b>\u00d6sterreichisch-Serbische Frauenverein (\u00d6SF)<\/b><span class=\"s1\"> einen besonderen Ausflug zum <a href=\"chatgpt:\/\/generic-entity?number=0\"><span class=\"s2\"><b>Christkindlmarkt D\u00fcrnstein<\/b><\/span><\/a>.<\/span><\/p>\n<p class=\"p2\">\n<p class=\"p3\">Der Besuch dieses traditionellen Weihnachtsmarktes bot den Teilnehmerinnen die Gelegenheit, die festliche Atmosph\u00e4re der Adventszeit zu genie\u00dfen, \u00f6sterreichische Br\u00e4uche n\u00e4her kennenzulernen und gemeinsam das Jahr in einem warmen, freundschaftlichen Rahmen ausklingen zu lassen. Umgeben von der einzigartigen Kulisse der Wachau stand der Abend ganz im Zeichen von Gemeinschaft, Austausch und gegenseitigem Verst\u00e4ndnis.<\/p>\n<p class=\"p2\">\n<h3><b>Traditionen erleben und Gemeinschaft st\u00e4rken<\/b><\/h3>\n<p class=\"p2\">\n<p class=\"p3\">Der Christkindlmarkt in D\u00fcrnstein ist bekannt f\u00fcr seine authentische Stimmung, regionale Handwerkskunst und kulinarische Spezialit\u00e4ten. Der gemeinsame Besuch erm\u00f6glichte es den Mitgliedern des Vereins, \u00f6sterreichische Weihnachtstraditionen aktiv zu erleben und gleichzeitig das Gef\u00fchl von Zusammengeh\u00f6rigkeit innerhalb des Vereins weiter zu st\u00e4rken.<\/p>\n<p class=\"p2\">\n<p class=\"p3\">Solche Aktivit\u00e4ten tragen wesentlich zur F\u00f6rderung von Integration, kulturellem Austausch und freundschaftlichen Beziehungen zwischen \u00f6sterreichischen und serbischen Frauen bei.<\/p>\n<p class=\"p2\">\n<h3><b>Ein gelungener Jahresabschluss<\/b><\/h3>\n<p class=\"p2\">\n<p class=\"p3\">Die gemeinsame Feier der Weihnachts- und Neujahrszeit war ein sch\u00f6ner Abschluss eines ereignisreichen Jahres voller Begegnungen, Projekte und gemeinsamer Aktivit\u00e4ten. Der \u00d6SF bedankt sich bei allen Teilnehmerinnen f\u00fcr die sch\u00f6ne Stimmung und freut sich auf weitere gemeinsame Erlebnisse im kommenden Jahr.<\/p>\n<p>[\/et_pb_text][\/et_pb_column][\/et_pb_row][\/et_pb_section]<\/p>","protected":false},"excerpt":{"rendered":"<p>Im Rahmen der gemeinsamen Feier der Weihnachts- und Neujahrsfeiertage organisierte der \u00d6sterreichisch-Serbische Frauenverein (\u00d6SF) einen besonderen Ausflug zum Christkindlmarkt D\u00fcrnstein. Der Besuch dieses traditionellen Weihnachtsmarktes bot den Teilnehmerinnen die Gelegenheit, die festliche Atmosph\u00e4re der Adventszeit zu genie\u00dfen, \u00f6sterreichische Br\u00e4uche n\u00e4her kennenzulernen und gemeinsam das Jahr in einem warmen, freundschaftlichen Rahmen ausklingen zu lassen. Umgeben von [&hellip;]<\/p>","protected":false},"author":1,"featured_media":100972,"comment_status":"closed","ping_status":"closed","sticky":false,"template":"","format":"standard","meta":{"_et_pb_use_builder":"on","_et_pb_old_content":"","_et_gb_content_width":"","footnotes":""},"categories":[4],"tags":[],"class_list":["post-100967","post","type-post","status-publish","format-standard","has-post-thumbnail","hentry","category-veranstaltungen"],"yoast_head":"<!-- This site is optimized with the Yoast SEO plugin v24.6 - https:\/\/yoast.com\/wordpress\/plugins\/seo\/ -->\n<title>Gemeinsame Weihnachts- und Neujahrsfeier: Besuch des Christkindlmarktes in D\u00fcrnstein - OESFRAUEN<\/title>\n<meta name=\"robots\" content=\"index, follow, max-snippet:-1, max-image-preview:large, max-video-preview:-1\" \/>\n<link rel=\"canonical\" href=\"https:\/\/oesfrauen.com\/sr\/gemeinsame-weihnachts-und-neujahrsfeier-besuch-des-christkindlmarktes-in-durnstein\/\" \/>\n<meta property=\"og:locale\" content=\"sr_RS\" \/>\n<meta property=\"og:type\" content=\"article\" \/>\n<meta property=\"og:title\" content=\"Gemeinsame Weihnachts- und Neujahrsfeier: Besuch des Christkindlmarktes in D\u00fcrnstein - OESFRAUEN\" \/>\n<meta property=\"og:description\" content=\"Im Rahmen der gemeinsamen Feier der Weihnachts- und Neujahrsfeiertage organisierte der \u00d6sterreichisch-Serbische Frauenverein (\u00d6SF) einen besonderen Ausflug zum Christkindlmarkt D\u00fcrnstein. Der Besuch dieses traditionellen Weihnachtsmarktes bot den Teilnehmerinnen die Gelegenheit, die festliche Atmosph\u00e4re der Adventszeit zu genie\u00dfen, \u00f6sterreichische Br\u00e4uche n\u00e4her kennenzulernen und gemeinsam das Jahr in einem warmen, freundschaftlichen Rahmen ausklingen zu lassen. Umgeben von [&hellip;]\" \/>\n<meta property=\"og:url\" content=\"https:\/\/oesfrauen.com\/sr\/gemeinsame-weihnachts-und-neujahrsfeier-besuch-des-christkindlmarktes-in-durnstein\/\" \/>\n<meta property=\"og:site_name\" content=\"OESFRAUEN\" \/>\n<meta property=\"article:published_time\" content=\"2025-12-21T10:42:56+00:00\" \/>\n<meta property=\"article:modified_time\" content=\"2025-12-21T10:43:14+00:00\" \/>\n<meta property=\"og:image\" content=\"https:\/\/oesfrauen.com\/wp-content\/uploads\/2025\/12\/d6fa9150-6671-4439-ada7-7793d43a9ffa.jpg\" \/>\n\t<meta property=\"og:image:width\" content=\"1600\" \/>\n\t<meta property=\"og:image:height\" content=\"1200\" \/>\n\t<meta property=\"og:image:type\" content=\"image\/jpeg\" \/>\n<meta name=\"author\" content=\"oesfrauen\" \/>\n<meta name=\"twitter:card\" content=\"summary_large_image\" \/>\n<meta name=\"twitter:label1\" content=\"\u041d\u0430\u043f\u0438\u0441\u0430\u043d\u043e \u043e\u0434\" \/>\n\t<meta name=\"twitter:data1\" content=\"oesfrauen\" \/>\n\t<meta name=\"twitter:label2\" content=\"\u041f\u0440\u043e\u0446\u0435\u045a\u0435\u043d\u043e \u0432\u0440\u0435\u043c\u0435 \u0447\u0438\u0442\u0430\u045a\u0430\" \/>\n\t<meta name=\"twitter:data2\" content=\"3 \u043c\u0438\u043d\u0443\u0442\u0430\" \/>\n<script type=\"application\/ld+json\" class=\"yoast-schema-graph\">{\"@context\":\"https:\/\/schema.org\",\"@graph\":[{\"@type\":\"Article\",\"@id\":\"https:\/\/oesfrauen.com\/gemeinsame-weihnachts-und-neujahrsfeier-besuch-des-christkindlmarktes-in-durnstein\/#article\",\"isPartOf\":{\"@id\":\"https:\/\/oesfrauen.com\/gemeinsame-weihnachts-und-neujahrsfeier-besuch-des-christkindlmarktes-in-durnstein\/\"},\"author\":{\"name\":\"oesfrauen\",\"@id\":\"https:\/\/oesfrauen.com\/#\/schema\/person\/d290d98e11aa667c068fde48a5d1265b\"},\"headline\":\"Gemeinsame Weihnachts- und Neujahrsfeier: Besuch des Christkindlmarktes in D\u00fcrnstein\",\"datePublished\":\"2025-12-21T10:42:56+00:00\",\"dateModified\":\"2025-12-21T10:43:14+00:00\",\"mainEntityOfPage\":{\"@id\":\"https:\/\/oesfrauen.com\/gemeinsame-weihnachts-und-neujahrsfeier-besuch-des-christkindlmarktes-in-durnstein\/\"},\"wordCount\":335,\"publisher\":{\"@id\":\"https:\/\/oesfrauen.com\/#organization\"},\"image\":{\"@id\":\"https:\/\/oesfrauen.com\/gemeinsame-weihnachts-und-neujahrsfeier-besuch-des-christkindlmarktes-in-durnstein\/#primaryimage\"},\"thumbnailUrl\":\"https:\/\/oesfrauen.com\/wp-content\/uploads\/2025\/12\/d6fa9150-6671-4439-ada7-7793d43a9ffa.jpg\",\"articleSection\":[\"Veranstaltungen\"],\"inLanguage\":\"sr-RS\"},{\"@type\":\"WebPage\",\"@id\":\"https:\/\/oesfrauen.com\/gemeinsame-weihnachts-und-neujahrsfeier-besuch-des-christkindlmarktes-in-durnstein\/\",\"url\":\"https:\/\/oesfrauen.com\/gemeinsame-weihnachts-und-neujahrsfeier-besuch-des-christkindlmarktes-in-durnstein\/\",\"name\":\"Gemeinsame Weihnachts- und Neujahrsfeier: Besuch des Christkindlmarktes in D\u00fcrnstein - OESFRAUEN\",\"isPartOf\":{\"@id\":\"https:\/\/oesfrauen.com\/#website\"},\"primaryImageOfPage\":{\"@id\":\"https:\/\/oesfrauen.com\/gemeinsame-weihnachts-und-neujahrsfeier-besuch-des-christkindlmarktes-in-durnstein\/#primaryimage\"},\"image\":{\"@id\":\"https:\/\/oesfrauen.com\/gemeinsame-weihnachts-und-neujahrsfeier-besuch-des-christkindlmarktes-in-durnstein\/#primaryimage\"},\"thumbnailUrl\":\"https:\/\/oesfrauen.com\/wp-content\/uploads\/2025\/12\/d6fa9150-6671-4439-ada7-7793d43a9ffa.jpg\",\"datePublished\":\"2025-12-21T10:42:56+00:00\",\"dateModified\":\"2025-12-21T10:43:14+00:00\",\"breadcrumb\":{\"@id\":\"https:\/\/oesfrauen.com\/gemeinsame-weihnachts-und-neujahrsfeier-besuch-des-christkindlmarktes-in-durnstein\/#breadcrumb\"},\"inLanguage\":\"sr-RS\",\"potentialAction\":[{\"@type\":\"ReadAction\",\"target\":[\"https:\/\/oesfrauen.com\/gemeinsame-weihnachts-und-neujahrsfeier-besuch-des-christkindlmarktes-in-durnstein\/\"]}]},{\"@type\":\"ImageObject\",\"inLanguage\":\"sr-RS\",\"@id\":\"https:\/\/oesfrauen.com\/gemeinsame-weihnachts-und-neujahrsfeier-besuch-des-christkindlmarktes-in-durnstein\/#primaryimage\",\"url\":\"https:\/\/oesfrauen.com\/wp-content\/uploads\/2025\/12\/d6fa9150-6671-4439-ada7-7793d43a9ffa.jpg\",\"contentUrl\":\"https:\/\/oesfrauen.com\/wp-content\/uploads\/2025\/12\/d6fa9150-6671-4439-ada7-7793d43a9ffa.jpg\",\"width\":1600,\"height\":1200},{\"@type\":\"BreadcrumbList\",\"@id\":\"https:\/\/oesfrauen.com\/gemeinsame-weihnachts-und-neujahrsfeier-besuch-des-christkindlmarktes-in-durnstein\/#breadcrumb\",\"itemListElement\":[{\"@type\":\"ListItem\",\"position\":1,\"name\":\"Home\",\"item\":\"https:\/\/oesfrauen.com\/\"},{\"@type\":\"ListItem\",\"position\":2,\"name\":\"Gemeinsame Weihnachts- und Neujahrsfeier: Besuch des Christkindlmarktes in D\u00fcrnstein\"}]},{\"@type\":\"WebSite\",\"@id\":\"https:\/\/oesfrauen.com\/#website\",\"url\":\"https:\/\/oesfrauen.com\/\",\"name\":\"\u00d6sterreichisch - Serbische Frauen, \u00d6SF\",\"description\":\"Gesellschaft \u00d6sterreichisch-Serbische Frauen\",\"publisher\":{\"@id\":\"https:\/\/oesfrauen.com\/#organization\"},\"potentialAction\":[{\"@type\":\"SearchAction\",\"target\":{\"@type\":\"EntryPoint\",\"urlTemplate\":\"https:\/\/oesfrauen.com\/?s={search_term_string}\"},\"query-input\":{\"@type\":\"PropertyValueSpecification\",\"valueRequired\":true,\"valueName\":\"search_term_string\"}}],\"inLanguage\":\"sr-RS\"},{\"@type\":\"Organization\",\"@id\":\"https:\/\/oesfrauen.com\/#organization\",\"name\":\"OESFRAUEN\",\"url\":\"https:\/\/oesfrauen.com\/\",\"logo\":{\"@type\":\"ImageObject\",\"inLanguage\":\"sr-RS\",\"@id\":\"https:\/\/oesfrauen.com\/#\/schema\/logo\/image\/\",\"url\":\"https:\/\/oesfrauen.com\/wp-content\/uploads\/2024\/05\/DRS2Asset_1100-removebg-preview.png\",\"contentUrl\":\"https:\/\/oesfrauen.com\/wp-content\/uploads\/2024\/05\/DRS2Asset_1100-removebg-preview.png\",\"width\":500,\"height\":500,\"caption\":\"OESFRAUEN\"},\"image\":{\"@id\":\"https:\/\/oesfrauen.com\/#\/schema\/logo\/image\/\"}},{\"@type\":\"Person\",\"@id\":\"https:\/\/oesfrauen.com\/#\/schema\/person\/d290d98e11aa667c068fde48a5d1265b\",\"name\":\"oesfrauen\",\"image\":{\"@type\":\"ImageObject\",\"inLanguage\":\"sr-RS\",\"@id\":\"https:\/\/oesfrauen.com\/#\/schema\/person\/image\/\",\"url\":\"https:\/\/secure.gravatar.com\/avatar\/151a6d1f58ceef7aa1a8192cfa1e382219ff3cbc03176ab5ad294bcc9740b701?s=96&d=mm&r=g\",\"contentUrl\":\"https:\/\/secure.gravatar.com\/avatar\/151a6d1f58ceef7aa1a8192cfa1e382219ff3cbc03176ab5ad294bcc9740b701?s=96&d=mm&r=g\",\"caption\":\"oesfrauen\"},\"sameAs\":[\"http:\/\/oesfrauen.com\"],\"url\":\"https:\/\/oesfrauen.com\/sr\/author\/oesfrauen\/\"}]}<\/script>\n<!-- \/ Yoast SEO plugin. -->","yoast_head_json":{"title":"Gemeinsame Weihnachts- und Neujahrsfeier: Besuch des Christkindlmarktes in D\u00fcrnstein - OESFRAUEN","robots":{"index":"index","follow":"follow","max-snippet":"max-snippet:-1","max-image-preview":"max-image-preview:large","max-video-preview":"max-video-preview:-1"},"canonical":"https:\/\/oesfrauen.com\/sr\/gemeinsame-weihnachts-und-neujahrsfeier-besuch-des-christkindlmarktes-in-durnstein\/","og_locale":"sr_RS","og_type":"article","og_title":"Gemeinsame Weihnachts- und Neujahrsfeier: Besuch des Christkindlmarktes in D\u00fcrnstein - OESFRAUEN","og_description":"Im Rahmen der gemeinsamen Feier der Weihnachts- und Neujahrsfeiertage organisierte der \u00d6sterreichisch-Serbische Frauenverein (\u00d6SF) einen besonderen Ausflug zum Christkindlmarkt D\u00fcrnstein. Der Besuch dieses traditionellen Weihnachtsmarktes bot den Teilnehmerinnen die Gelegenheit, die festliche Atmosph\u00e4re der Adventszeit zu genie\u00dfen, \u00f6sterreichische Br\u00e4uche n\u00e4her kennenzulernen und gemeinsam das Jahr in einem warmen, freundschaftlichen Rahmen ausklingen zu lassen. Umgeben von [&hellip;]","og_url":"https:\/\/oesfrauen.com\/sr\/gemeinsame-weihnachts-und-neujahrsfeier-besuch-des-christkindlmarktes-in-durnstein\/","og_site_name":"OESFRAUEN","article_published_time":"2025-12-21T10:42:56+00:00","article_modified_time":"2025-12-21T10:43:14+00:00","og_image":[{"width":1600,"height":1200,"url":"https:\/\/oesfrauen.com\/wp-content\/uploads\/2025\/12\/d6fa9150-6671-4439-ada7-7793d43a9ffa.jpg","type":"image\/jpeg"}],"author":"oesfrauen","twitter_card":"summary_large_image","twitter_misc":{"\u041d\u0430\u043f\u0438\u0441\u0430\u043d\u043e \u043e\u0434":"oesfrauen","\u041f\u0440\u043e\u0446\u0435\u045a\u0435\u043d\u043e \u0432\u0440\u0435\u043c\u0435 \u0447\u0438\u0442\u0430\u045a\u0430":"3 \u043c\u0438\u043d\u0443\u0442\u0430"},"schema":{"@context":"https:\/\/schema.org","@graph":[{"@type":"Article","@id":"https:\/\/oesfrauen.com\/gemeinsame-weihnachts-und-neujahrsfeier-besuch-des-christkindlmarktes-in-durnstein\/#article","isPartOf":{"@id":"https:\/\/oesfrauen.com\/gemeinsame-weihnachts-und-neujahrsfeier-besuch-des-christkindlmarktes-in-durnstein\/"},"author":{"name":"oesfrauen","@id":"https:\/\/oesfrauen.com\/#\/schema\/person\/d290d98e11aa667c068fde48a5d1265b"},"headline":"Gemeinsame Weihnachts- und Neujahrsfeier: Besuch des Christkindlmarktes in D\u00fcrnstein","datePublished":"2025-12-21T10:42:56+00:00","dateModified":"2025-12-21T10:43:14+00:00","mainEntityOfPage":{"@id":"https:\/\/oesfrauen.com\/gemeinsame-weihnachts-und-neujahrsfeier-besuch-des-christkindlmarktes-in-durnstein\/"},"wordCount":335,"publisher":{"@id":"https:\/\/oesfrauen.com\/#organization"},"image":{"@id":"https:\/\/oesfrauen.com\/gemeinsame-weihnachts-und-neujahrsfeier-besuch-des-christkindlmarktes-in-durnstein\/#primaryimage"},"thumbnailUrl":"https:\/\/oesfrauen.com\/wp-content\/uploads\/2025\/12\/d6fa9150-6671-4439-ada7-7793d43a9ffa.jpg","articleSection":["Veranstaltungen"],"inLanguage":"sr-RS"},{"@type":"WebPage","@id":"https:\/\/oesfrauen.com\/gemeinsame-weihnachts-und-neujahrsfeier-besuch-des-christkindlmarktes-in-durnstein\/","url":"https:\/\/oesfrauen.com\/gemeinsame-weihnachts-und-neujahrsfeier-besuch-des-christkindlmarktes-in-durnstein\/","name":"Gemeinsame Weihnachts- und Neujahrsfeier: Besuch des Christkindlmarktes in D\u00fcrnstein - OESFRAUEN","isPartOf":{"@id":"https:\/\/oesfrauen.com\/#website"},"primaryImageOfPage":{"@id":"https:\/\/oesfrauen.com\/gemeinsame-weihnachts-und-neujahrsfeier-besuch-des-christkindlmarktes-in-durnstein\/#primaryimage"},"image":{"@id":"https:\/\/oesfrauen.com\/gemeinsame-weihnachts-und-neujahrsfeier-besuch-des-christkindlmarktes-in-durnstein\/#primaryimage"},"thumbnailUrl":"https:\/\/oesfrauen.com\/wp-content\/uploads\/2025\/12\/d6fa9150-6671-4439-ada7-7793d43a9ffa.jpg","datePublished":"2025-12-21T10:42:56+00:00","dateModified":"2025-12-21T10:43:14+00:00","breadcrumb":{"@id":"https:\/\/oesfrauen.com\/gemeinsame-weihnachts-und-neujahrsfeier-besuch-des-christkindlmarktes-in-durnstein\/#breadcrumb"},"inLanguage":"sr-RS","potentialAction":[{"@type":"ReadAction","target":["https:\/\/oesfrauen.com\/gemeinsame-weihnachts-und-neujahrsfeier-besuch-des-christkindlmarktes-in-durnstein\/"]}]},{"@type":"ImageObject","inLanguage":"sr-RS","@id":"https:\/\/oesfrauen.com\/gemeinsame-weihnachts-und-neujahrsfeier-besuch-des-christkindlmarktes-in-durnstein\/#primaryimage","url":"https:\/\/oesfrauen.com\/wp-content\/uploads\/2025\/12\/d6fa9150-6671-4439-ada7-7793d43a9ffa.jpg","contentUrl":"https:\/\/oesfrauen.com\/wp-content\/uploads\/2025\/12\/d6fa9150-6671-4439-ada7-7793d43a9ffa.jpg","width":1600,"height":1200},{"@type":"BreadcrumbList","@id":"https:\/\/oesfrauen.com\/gemeinsame-weihnachts-und-neujahrsfeier-besuch-des-christkindlmarktes-in-durnstein\/#breadcrumb","itemListElement":[{"@type":"ListItem","position":1,"name":"Home","item":"https:\/\/oesfrauen.com\/"},{"@type":"ListItem","position":2,"name":"Gemeinsame Weihnachts- und Neujahrsfeier: Besuch des Christkindlmarktes in D\u00fcrnstein"}]},{"@type":"WebSite","@id":"https:\/\/oesfrauen.com\/#website","url":"https:\/\/oesfrauen.com\/","name":"\u00d6sterreichisch - Serbische Frauen, \u00d6SF","description":"Gesellschaft \u00d6sterreichisch-Serbische Frauen","publisher":{"@id":"https:\/\/oesfrauen.com\/#organization"},"potentialAction":[{"@type":"SearchAction","target":{"@type":"EntryPoint","urlTemplate":"https:\/\/oesfrauen.com\/?s={search_term_string}"},"query-input":{"@type":"PropertyValueSpecification","valueRequired":true,"valueName":"search_term_string"}}],"inLanguage":"sr-RS"},{"@type":"Organization","@id":"https:\/\/oesfrauen.com\/#organization","name":"OESFRAUEN","url":"https:\/\/oesfrauen.com\/","logo":{"@type":"ImageObject","inLanguage":"sr-RS","@id":"https:\/\/oesfrauen.com\/#\/schema\/logo\/image\/","url":"https:\/\/oesfrauen.com\/wp-content\/uploads\/2024\/05\/DRS2Asset_1100-removebg-preview.png","contentUrl":"https:\/\/oesfrauen.com\/wp-content\/uploads\/2024\/05\/DRS2Asset_1100-removebg-preview.png","width":500,"height":500,"caption":"OESFRAUEN"},"image":{"@id":"https:\/\/oesfrauen.com\/#\/schema\/logo\/image\/"}},{"@type":"Person","@id":"https:\/\/oesfrauen.com\/#\/schema\/person\/d290d98e11aa667c068fde48a5d1265b","name":"oesfrauen","image":{"@type":"ImageObject","inLanguage":"sr-RS","@id":"https:\/\/oesfrauen.com\/#\/schema\/person\/image\/","url":"https:\/\/secure.gravatar.com\/avatar\/151a6d1f58ceef7aa1a8192cfa1e382219ff3cbc03176ab5ad294bcc9740b701?s=96&d=mm&r=g","contentUrl":"https:\/\/secure.gravatar.com\/avatar\/151a6d1f58ceef7aa1a8192cfa1e382219ff3cbc03176ab5ad294bcc9740b701?s=96&d=mm&r=g","caption":"oesfrauen"},"sameAs":["http:\/\/oesfrauen.com"],"url":"https:\/\/oesfrauen.com\/sr\/author\/oesfrauen\/"}]}},"_links":{"self":[{"href":"https:\/\/oesfrauen.com\/sr\/wp-json\/wp\/v2\/posts\/100967","targetHints":{"allow":["GET"]}}],"collection":[{"href":"https:\/\/oesfrauen.com\/sr\/wp-json\/wp\/v2\/posts"}],"about":[{"href":"https:\/\/oesfrauen.com\/sr\/wp-json\/wp\/v2\/types\/post"}],"author":[{"embeddable":true,"href":"https:\/\/oesfrauen.com\/sr\/wp-json\/wp\/v2\/users\/1"}],"replies":[{"embeddable":true,"href":"https:\/\/oesfrauen.com\/sr\/wp-json\/wp\/v2\/comments?post=100967"}],"version-history":[{"count":4,"href":"https:\/\/oesfrauen.com\/sr\/wp-json\/wp\/v2\/posts\/100967\/revisions"}],"predecessor-version":[{"id":100979,"href":"https:\/\/oesfrauen.com\/sr\/wp-json\/wp\/v2\/posts\/100967\/revisions\/100979"}],"wp:featuredmedia":[{"embeddable":true,"href":"https:\/\/oesfrauen.com\/sr\/wp-json\/wp\/v2\/media\/100972"}],"wp:attachment":[{"href":"https:\/\/oesfrauen.com\/sr\/wp-json\/wp\/v2\/media?parent=100967"}],"wp:term":[{"taxonomy":"category","embeddable":true,"href":"https:\/\/oesfrauen.com\/sr\/wp-json\/wp\/v2\/categories?post=100967"},{"taxonomy":"post_tag","embeddable":true,"href":"https:\/\/oesfrauen.com\/sr\/wp-json\/wp\/v2\/tags?post=100967"}],"curies":[{"name":"wp","href":"https:\/\/api.w.org\/{rel}","templated":true}]}}