{"id":100947,"date":"2025-12-21T10:37:36","date_gmt":"2025-12-21T10:37:36","guid":{"rendered":"https:\/\/oesfrauen.com\/?p=100947"},"modified":"2025-12-21T10:37:56","modified_gmt":"2025-12-21T10:37:56","slug":"kreative-weihnachtswerkstatt-adventkranze-nach-osterreichischer-tradition","status":"publish","type":"post","link":"https:\/\/oesfrauen.com\/sr\/kreative-weihnachtswerkstatt-adventkranze-nach-osterreichischer-tradition\/","title":{"rendered":"Kreative Weihnachtswerkstatt: Adventkr\u00e4nze nach \u00f6sterreichischer Tradition"},"content":{"rendered":"<p>[et_pb_section fb_built=&#8220;1&#8243; _builder_version=&#8220;4.27.3&#8243; _module_preset=&#8220;default&#8220; global_colors_info=&#8220;{}&#8220;][et_pb_row use_custom_gutter=&#8220;on&#8220; gutter_width=&#8220;2&#8243; make_equal=&#8220;on&#8220; _builder_version=&#8220;4.27.3&#8243; _module_preset=&#8220;default&#8220; global_colors_info=&#8220;{}&#8220;][et_pb_column type=&#8220;4_4&#8243; _builder_version=&#8220;4.27.3&#8243; _module_preset=&#8220;default&#8220; global_colors_info=&#8220;{}&#8220;][et_pb_gallery gallery_ids=&#8220;100950,100951,100952,100953,100954,100955,100956,100957,100958,100959,100960,100961,100962,100963,100964&#8243; posts_number=&#8220;20&#8243; show_title_and_caption=&#8220;off&#8220; _builder_version=&#8220;4.27.3&#8243; _module_preset=&#8220;default&#8220; global_colors_info=&#8220;{}&#8220;][\/et_pb_gallery][\/et_pb_column][\/et_pb_row][et_pb_row _builder_version=&#8220;4.27.3&#8243; _module_preset=&#8220;default&#8220; global_colors_info=&#8220;{}&#8220;][et_pb_column type=&#8220;4_4&#8243; _builder_version=&#8220;4.27.3&#8243; _module_preset=&#8220;default&#8220; global_colors_info=&#8220;{}&#8220;][et_pb_text _builder_version=&#8220;4.27.3&#8243; _module_preset=&#8220;default&#8220; text_font_size=&#8220;16px&#8220; global_colors_info=&#8220;{}&#8220;]<\/p>\n<p class=\"p1\">Der <span class=\"s1\"><b>\u00d6sterreichisch-Serbische Frauenverein (\u00d6SF)<\/b><\/span> organisierte eine kreative und stimmungsvolle <span class=\"s1\"><b>Werkstatt zur Herstellung von Advent- und Weihnachtskr\u00e4nzen nach \u00f6sterreichischer Tradition<\/b><\/span>. Die Veranstaltung brachte Frauen unterschiedlicher Generationen zusammen und bot Raum f\u00fcr Austausch, Kreativit\u00e4t und gemeinsames Erleben der vorweihnachtlichen Zeit.<\/p>\n<p class=\"p2\">\n<p class=\"p1\">Unter Anleitung wurden Weihnachtskr\u00e4nze aus nat\u00fcrlichen Materialien gefertigt \u2013 ganz im Sinne \u00f6sterreichischer Br\u00e4uche, bei denen der Adventskranz ein zentrales Symbol f\u00fcr Besinnlichkeit, Hoffnung und Zusammenhalt darstellt. Neben dem praktischen Teil lernten die Teilnehmerinnen auch mehr \u00fcber die Bedeutung einzelner Elemente sowie \u00fcber traditionelle Br\u00e4uche rund um den Advent in \u00d6sterreich.<\/p>\n<p class=\"p2\">\n<h3><b>Tradition, Kreativit\u00e4t und Gemeinschaft<\/b><\/h3>\n<p class=\"p2\">\n<p class=\"p1\">Die Werkstatt war nicht nur eine kreative Aktivit\u00e4t, sondern auch eine Gelegenheit zur Begegnung, zum Kennenlernen und zur St\u00e4rkung des Gemeinschaftsgef\u00fchls. Solche Veranstaltungen f\u00f6rdern den interkulturellen Dialog und tragen zur Integration sowie zum gegenseitigen Verst\u00e4ndnis bei.<\/p>\n<p class=\"p2\">\n<p class=\"p1\">Der \u00d6SF setzt mit dieser Initiative erneut ein Zeichen f\u00fcr die Bewahrung kultureller Traditionen, den Wissensaustausch und die aktive Einbindung von Frauen in gesellschaftliche und kulturelle Aktivit\u00e4ten.<\/p>\n<p class=\"p2\">\n<h3><b>Ein herzlicher Dank<\/b><\/h3>\n<p class=\"p2\">\n<p class=\"p1\">Wir bedanken uns bei allen Teilnehmerinnen f\u00fcr ihr Engagement, ihre Kreativit\u00e4t und die angenehme Atmosph\u00e4re. Gemeinsam geschaffene Momente wie diese machen unsere Gemeinschaft lebendig und stark.<\/p>\n<p class=\"p2\">\n<p class=\"p1\">Wir freuen uns bereits auf kommende Workshops, Veranstaltungen und gemeinsame Projekte.<\/p>\n<p>[\/et_pb_text][\/et_pb_column][\/et_pb_row][\/et_pb_section]<\/p>","protected":false},"excerpt":{"rendered":"<p>Der \u00d6sterreichisch-Serbische Frauenverein (\u00d6SF) organisierte eine kreative und stimmungsvolle Werkstatt zur Herstellung von Advent- und Weihnachtskr\u00e4nzen nach \u00f6sterreichischer Tradition. Die Veranstaltung brachte Frauen unterschiedlicher Generationen zusammen und bot Raum f\u00fcr Austausch, Kreativit\u00e4t und gemeinsames Erleben der vorweihnachtlichen Zeit. Unter Anleitung wurden Weihnachtskr\u00e4nze aus nat\u00fcrlichen Materialien gefertigt \u2013 ganz im Sinne \u00f6sterreichischer Br\u00e4uche, bei denen der [&hellip;]<\/p>","protected":false},"author":1,"featured_media":100951,"comment_status":"closed","ping_status":"closed","sticky":false,"template":"","format":"standard","meta":{"_et_pb_use_builder":"on","_et_pb_old_content":"","_et_gb_content_width":"","footnotes":""},"categories":[4],"tags":[],"class_list":["post-100947","post","type-post","status-publish","format-standard","has-post-thumbnail","hentry","category-veranstaltungen"],"yoast_head":"<!-- This site is optimized with the Yoast SEO plugin v24.6 - https:\/\/yoast.com\/wordpress\/plugins\/seo\/ -->\n<title>Kreative Weihnachtswerkstatt: Adventkr\u00e4nze nach \u00f6sterreichischer Tradition - OESFRAUEN<\/title>\n<meta name=\"robots\" content=\"index, follow, max-snippet:-1, max-image-preview:large, max-video-preview:-1\" \/>\n<link rel=\"canonical\" href=\"https:\/\/oesfrauen.com\/sr\/kreative-weihnachtswerkstatt-adventkranze-nach-osterreichischer-tradition\/\" \/>\n<meta property=\"og:locale\" content=\"sr_RS\" \/>\n<meta property=\"og:type\" content=\"article\" \/>\n<meta property=\"og:title\" content=\"Kreative Weihnachtswerkstatt: Adventkr\u00e4nze nach \u00f6sterreichischer Tradition - OESFRAUEN\" \/>\n<meta property=\"og:description\" content=\"Der \u00d6sterreichisch-Serbische Frauenverein (\u00d6SF) organisierte eine kreative und stimmungsvolle Werkstatt zur Herstellung von Advent- und Weihnachtskr\u00e4nzen nach \u00f6sterreichischer Tradition. Die Veranstaltung brachte Frauen unterschiedlicher Generationen zusammen und bot Raum f\u00fcr Austausch, Kreativit\u00e4t und gemeinsames Erleben der vorweihnachtlichen Zeit. Unter Anleitung wurden Weihnachtskr\u00e4nze aus nat\u00fcrlichen Materialien gefertigt \u2013 ganz im Sinne \u00f6sterreichischer Br\u00e4uche, bei denen der [&hellip;]\" \/>\n<meta property=\"og:url\" content=\"https:\/\/oesfrauen.com\/sr\/kreative-weihnachtswerkstatt-adventkranze-nach-osterreichischer-tradition\/\" \/>\n<meta property=\"og:site_name\" content=\"OESFRAUEN\" \/>\n<meta property=\"article:published_time\" content=\"2025-12-21T10:37:36+00:00\" \/>\n<meta property=\"article:modified_time\" content=\"2025-12-21T10:37:56+00:00\" \/>\n<meta property=\"og:image\" content=\"https:\/\/oesfrauen.com\/wp-content\/uploads\/2025\/12\/8a6f97da-3f47-4c00-a356-a8aa85ae1903.jpg\" \/>\n\t<meta property=\"og:image:width\" content=\"1600\" \/>\n\t<meta property=\"og:image:height\" content=\"1200\" \/>\n\t<meta property=\"og:image:type\" content=\"image\/jpeg\" \/>\n<meta name=\"author\" content=\"oesfrauen\" \/>\n<meta name=\"twitter:card\" content=\"summary_large_image\" \/>\n<meta name=\"twitter:label1\" content=\"\u041d\u0430\u043f\u0438\u0441\u0430\u043d\u043e \u043e\u0434\" \/>\n\t<meta name=\"twitter:data1\" content=\"oesfrauen\" \/>\n\t<meta name=\"twitter:label2\" content=\"\u041f\u0440\u043e\u0446\u0435\u045a\u0435\u043d\u043e \u0432\u0440\u0435\u043c\u0435 \u0447\u0438\u0442\u0430\u045a\u0430\" \/>\n\t<meta name=\"twitter:data2\" content=\"5 \u043c\u0438\u043d\u0443\u0442\u0430\" \/>\n<script type=\"application\/ld+json\" class=\"yoast-schema-graph\">{\"@context\":\"https:\/\/schema.org\",\"@graph\":[{\"@type\":\"Article\",\"@id\":\"https:\/\/oesfrauen.com\/kreative-weihnachtswerkstatt-adventkranze-nach-osterreichischer-tradition\/#article\",\"isPartOf\":{\"@id\":\"https:\/\/oesfrauen.com\/kreative-weihnachtswerkstatt-adventkranze-nach-osterreichischer-tradition\/\"},\"author\":{\"name\":\"oesfrauen\",\"@id\":\"https:\/\/oesfrauen.com\/#\/schema\/person\/d290d98e11aa667c068fde48a5d1265b\"},\"headline\":\"Kreative Weihnachtswerkstatt: Adventkr\u00e4nze nach \u00f6sterreichischer Tradition\",\"datePublished\":\"2025-12-21T10:37:36+00:00\",\"dateModified\":\"2025-12-21T10:37:56+00:00\",\"mainEntityOfPage\":{\"@id\":\"https:\/\/oesfrauen.com\/kreative-weihnachtswerkstatt-adventkranze-nach-osterreichischer-tradition\/\"},\"wordCount\":345,\"publisher\":{\"@id\":\"https:\/\/oesfrauen.com\/#organization\"},\"image\":{\"@id\":\"https:\/\/oesfrauen.com\/kreative-weihnachtswerkstatt-adventkranze-nach-osterreichischer-tradition\/#primaryimage\"},\"thumbnailUrl\":\"https:\/\/oesfrauen.com\/wp-content\/uploads\/2025\/12\/8a6f97da-3f47-4c00-a356-a8aa85ae1903.jpg\",\"articleSection\":[\"Veranstaltungen\"],\"inLanguage\":\"sr-RS\"},{\"@type\":\"WebPage\",\"@id\":\"https:\/\/oesfrauen.com\/kreative-weihnachtswerkstatt-adventkranze-nach-osterreichischer-tradition\/\",\"url\":\"https:\/\/oesfrauen.com\/kreative-weihnachtswerkstatt-adventkranze-nach-osterreichischer-tradition\/\",\"name\":\"Kreative Weihnachtswerkstatt: Adventkr\u00e4nze nach \u00f6sterreichischer Tradition - OESFRAUEN\",\"isPartOf\":{\"@id\":\"https:\/\/oesfrauen.com\/#website\"},\"primaryImageOfPage\":{\"@id\":\"https:\/\/oesfrauen.com\/kreative-weihnachtswerkstatt-adventkranze-nach-osterreichischer-tradition\/#primaryimage\"},\"image\":{\"@id\":\"https:\/\/oesfrauen.com\/kreative-weihnachtswerkstatt-adventkranze-nach-osterreichischer-tradition\/#primaryimage\"},\"thumbnailUrl\":\"https:\/\/oesfrauen.com\/wp-content\/uploads\/2025\/12\/8a6f97da-3f47-4c00-a356-a8aa85ae1903.jpg\",\"datePublished\":\"2025-12-21T10:37:36+00:00\",\"dateModified\":\"2025-12-21T10:37:56+00:00\",\"breadcrumb\":{\"@id\":\"https:\/\/oesfrauen.com\/kreative-weihnachtswerkstatt-adventkranze-nach-osterreichischer-tradition\/#breadcrumb\"},\"inLanguage\":\"sr-RS\",\"potentialAction\":[{\"@type\":\"ReadAction\",\"target\":[\"https:\/\/oesfrauen.com\/kreative-weihnachtswerkstatt-adventkranze-nach-osterreichischer-tradition\/\"]}]},{\"@type\":\"ImageObject\",\"inLanguage\":\"sr-RS\",\"@id\":\"https:\/\/oesfrauen.com\/kreative-weihnachtswerkstatt-adventkranze-nach-osterreichischer-tradition\/#primaryimage\",\"url\":\"https:\/\/oesfrauen.com\/wp-content\/uploads\/2025\/12\/8a6f97da-3f47-4c00-a356-a8aa85ae1903.jpg\",\"contentUrl\":\"https:\/\/oesfrauen.com\/wp-content\/uploads\/2025\/12\/8a6f97da-3f47-4c00-a356-a8aa85ae1903.jpg\",\"width\":1600,\"height\":1200},{\"@type\":\"BreadcrumbList\",\"@id\":\"https:\/\/oesfrauen.com\/kreative-weihnachtswerkstatt-adventkranze-nach-osterreichischer-tradition\/#breadcrumb\",\"itemListElement\":[{\"@type\":\"ListItem\",\"position\":1,\"name\":\"Home\",\"item\":\"https:\/\/oesfrauen.com\/\"},{\"@type\":\"ListItem\",\"position\":2,\"name\":\"Kreative Weihnachtswerkstatt: Adventkr\u00e4nze nach \u00f6sterreichischer Tradition\"}]},{\"@type\":\"WebSite\",\"@id\":\"https:\/\/oesfrauen.com\/#website\",\"url\":\"https:\/\/oesfrauen.com\/\",\"name\":\"\u00d6sterreichisch - Serbische Frauen, \u00d6SF\",\"description\":\"Gesellschaft \u00d6sterreichisch-Serbische Frauen\",\"publisher\":{\"@id\":\"https:\/\/oesfrauen.com\/#organization\"},\"potentialAction\":[{\"@type\":\"SearchAction\",\"target\":{\"@type\":\"EntryPoint\",\"urlTemplate\":\"https:\/\/oesfrauen.com\/?s={search_term_string}\"},\"query-input\":{\"@type\":\"PropertyValueSpecification\",\"valueRequired\":true,\"valueName\":\"search_term_string\"}}],\"inLanguage\":\"sr-RS\"},{\"@type\":\"Organization\",\"@id\":\"https:\/\/oesfrauen.com\/#organization\",\"name\":\"OESFRAUEN\",\"url\":\"https:\/\/oesfrauen.com\/\",\"logo\":{\"@type\":\"ImageObject\",\"inLanguage\":\"sr-RS\",\"@id\":\"https:\/\/oesfrauen.com\/#\/schema\/logo\/image\/\",\"url\":\"https:\/\/oesfrauen.com\/wp-content\/uploads\/2024\/05\/DRS2Asset_1100-removebg-preview.png\",\"contentUrl\":\"https:\/\/oesfrauen.com\/wp-content\/uploads\/2024\/05\/DRS2Asset_1100-removebg-preview.png\",\"width\":500,\"height\":500,\"caption\":\"OESFRAUEN\"},\"image\":{\"@id\":\"https:\/\/oesfrauen.com\/#\/schema\/logo\/image\/\"}},{\"@type\":\"Person\",\"@id\":\"https:\/\/oesfrauen.com\/#\/schema\/person\/d290d98e11aa667c068fde48a5d1265b\",\"name\":\"oesfrauen\",\"image\":{\"@type\":\"ImageObject\",\"inLanguage\":\"sr-RS\",\"@id\":\"https:\/\/oesfrauen.com\/#\/schema\/person\/image\/\",\"url\":\"https:\/\/secure.gravatar.com\/avatar\/151a6d1f58ceef7aa1a8192cfa1e382219ff3cbc03176ab5ad294bcc9740b701?s=96&d=mm&r=g\",\"contentUrl\":\"https:\/\/secure.gravatar.com\/avatar\/151a6d1f58ceef7aa1a8192cfa1e382219ff3cbc03176ab5ad294bcc9740b701?s=96&d=mm&r=g\",\"caption\":\"oesfrauen\"},\"sameAs\":[\"http:\/\/oesfrauen.com\"],\"url\":\"https:\/\/oesfrauen.com\/sr\/author\/oesfrauen\/\"}]}<\/script>\n<!-- \/ Yoast SEO plugin. -->","yoast_head_json":{"title":"Kreative Weihnachtswerkstatt: Adventkr\u00e4nze nach \u00f6sterreichischer Tradition - OESFRAUEN","robots":{"index":"index","follow":"follow","max-snippet":"max-snippet:-1","max-image-preview":"max-image-preview:large","max-video-preview":"max-video-preview:-1"},"canonical":"https:\/\/oesfrauen.com\/sr\/kreative-weihnachtswerkstatt-adventkranze-nach-osterreichischer-tradition\/","og_locale":"sr_RS","og_type":"article","og_title":"Kreative Weihnachtswerkstatt: Adventkr\u00e4nze nach \u00f6sterreichischer Tradition - OESFRAUEN","og_description":"Der \u00d6sterreichisch-Serbische Frauenverein (\u00d6SF) organisierte eine kreative und stimmungsvolle Werkstatt zur Herstellung von Advent- und Weihnachtskr\u00e4nzen nach \u00f6sterreichischer Tradition. Die Veranstaltung brachte Frauen unterschiedlicher Generationen zusammen und bot Raum f\u00fcr Austausch, Kreativit\u00e4t und gemeinsames Erleben der vorweihnachtlichen Zeit. Unter Anleitung wurden Weihnachtskr\u00e4nze aus nat\u00fcrlichen Materialien gefertigt \u2013 ganz im Sinne \u00f6sterreichischer Br\u00e4uche, bei denen der [&hellip;]","og_url":"https:\/\/oesfrauen.com\/sr\/kreative-weihnachtswerkstatt-adventkranze-nach-osterreichischer-tradition\/","og_site_name":"OESFRAUEN","article_published_time":"2025-12-21T10:37:36+00:00","article_modified_time":"2025-12-21T10:37:56+00:00","og_image":[{"width":1600,"height":1200,"url":"https:\/\/oesfrauen.com\/wp-content\/uploads\/2025\/12\/8a6f97da-3f47-4c00-a356-a8aa85ae1903.jpg","type":"image\/jpeg"}],"author":"oesfrauen","twitter_card":"summary_large_image","twitter_misc":{"\u041d\u0430\u043f\u0438\u0441\u0430\u043d\u043e \u043e\u0434":"oesfrauen","\u041f\u0440\u043e\u0446\u0435\u045a\u0435\u043d\u043e \u0432\u0440\u0435\u043c\u0435 \u0447\u0438\u0442\u0430\u045a\u0430":"5 \u043c\u0438\u043d\u0443\u0442\u0430"},"schema":{"@context":"https:\/\/schema.org","@graph":[{"@type":"Article","@id":"https:\/\/oesfrauen.com\/kreative-weihnachtswerkstatt-adventkranze-nach-osterreichischer-tradition\/#article","isPartOf":{"@id":"https:\/\/oesfrauen.com\/kreative-weihnachtswerkstatt-adventkranze-nach-osterreichischer-tradition\/"},"author":{"name":"oesfrauen","@id":"https:\/\/oesfrauen.com\/#\/schema\/person\/d290d98e11aa667c068fde48a5d1265b"},"headline":"Kreative Weihnachtswerkstatt: Adventkr\u00e4nze nach \u00f6sterreichischer Tradition","datePublished":"2025-12-21T10:37:36+00:00","dateModified":"2025-12-21T10:37:56+00:00","mainEntityOfPage":{"@id":"https:\/\/oesfrauen.com\/kreative-weihnachtswerkstatt-adventkranze-nach-osterreichischer-tradition\/"},"wordCount":345,"publisher":{"@id":"https:\/\/oesfrauen.com\/#organization"},"image":{"@id":"https:\/\/oesfrauen.com\/kreative-weihnachtswerkstatt-adventkranze-nach-osterreichischer-tradition\/#primaryimage"},"thumbnailUrl":"https:\/\/oesfrauen.com\/wp-content\/uploads\/2025\/12\/8a6f97da-3f47-4c00-a356-a8aa85ae1903.jpg","articleSection":["Veranstaltungen"],"inLanguage":"sr-RS"},{"@type":"WebPage","@id":"https:\/\/oesfrauen.com\/kreative-weihnachtswerkstatt-adventkranze-nach-osterreichischer-tradition\/","url":"https:\/\/oesfrauen.com\/kreative-weihnachtswerkstatt-adventkranze-nach-osterreichischer-tradition\/","name":"Kreative Weihnachtswerkstatt: Adventkr\u00e4nze nach \u00f6sterreichischer Tradition - OESFRAUEN","isPartOf":{"@id":"https:\/\/oesfrauen.com\/#website"},"primaryImageOfPage":{"@id":"https:\/\/oesfrauen.com\/kreative-weihnachtswerkstatt-adventkranze-nach-osterreichischer-tradition\/#primaryimage"},"image":{"@id":"https:\/\/oesfrauen.com\/kreative-weihnachtswerkstatt-adventkranze-nach-osterreichischer-tradition\/#primaryimage"},"thumbnailUrl":"https:\/\/oesfrauen.com\/wp-content\/uploads\/2025\/12\/8a6f97da-3f47-4c00-a356-a8aa85ae1903.jpg","datePublished":"2025-12-21T10:37:36+00:00","dateModified":"2025-12-21T10:37:56+00:00","breadcrumb":{"@id":"https:\/\/oesfrauen.com\/kreative-weihnachtswerkstatt-adventkranze-nach-osterreichischer-tradition\/#breadcrumb"},"inLanguage":"sr-RS","potentialAction":[{"@type":"ReadAction","target":["https:\/\/oesfrauen.com\/kreative-weihnachtswerkstatt-adventkranze-nach-osterreichischer-tradition\/"]}]},{"@type":"ImageObject","inLanguage":"sr-RS","@id":"https:\/\/oesfrauen.com\/kreative-weihnachtswerkstatt-adventkranze-nach-osterreichischer-tradition\/#primaryimage","url":"https:\/\/oesfrauen.com\/wp-content\/uploads\/2025\/12\/8a6f97da-3f47-4c00-a356-a8aa85ae1903.jpg","contentUrl":"https:\/\/oesfrauen.com\/wp-content\/uploads\/2025\/12\/8a6f97da-3f47-4c00-a356-a8aa85ae1903.jpg","width":1600,"height":1200},{"@type":"BreadcrumbList","@id":"https:\/\/oesfrauen.com\/kreative-weihnachtswerkstatt-adventkranze-nach-osterreichischer-tradition\/#breadcrumb","itemListElement":[{"@type":"ListItem","position":1,"name":"Home","item":"https:\/\/oesfrauen.com\/"},{"@type":"ListItem","position":2,"name":"Kreative Weihnachtswerkstatt: Adventkr\u00e4nze nach \u00f6sterreichischer Tradition"}]},{"@type":"WebSite","@id":"https:\/\/oesfrauen.com\/#website","url":"https:\/\/oesfrauen.com\/","name":"\u00d6sterreichisch - Serbische Frauen, \u00d6SF","description":"Gesellschaft \u00d6sterreichisch-Serbische Frauen","publisher":{"@id":"https:\/\/oesfrauen.com\/#organization"},"potentialAction":[{"@type":"SearchAction","target":{"@type":"EntryPoint","urlTemplate":"https:\/\/oesfrauen.com\/?s={search_term_string}"},"query-input":{"@type":"PropertyValueSpecification","valueRequired":true,"valueName":"search_term_string"}}],"inLanguage":"sr-RS"},{"@type":"Organization","@id":"https:\/\/oesfrauen.com\/#organization","name":"OESFRAUEN","url":"https:\/\/oesfrauen.com\/","logo":{"@type":"ImageObject","inLanguage":"sr-RS","@id":"https:\/\/oesfrauen.com\/#\/schema\/logo\/image\/","url":"https:\/\/oesfrauen.com\/wp-content\/uploads\/2024\/05\/DRS2Asset_1100-removebg-preview.png","contentUrl":"https:\/\/oesfrauen.com\/wp-content\/uploads\/2024\/05\/DRS2Asset_1100-removebg-preview.png","width":500,"height":500,"caption":"OESFRAUEN"},"image":{"@id":"https:\/\/oesfrauen.com\/#\/schema\/logo\/image\/"}},{"@type":"Person","@id":"https:\/\/oesfrauen.com\/#\/schema\/person\/d290d98e11aa667c068fde48a5d1265b","name":"oesfrauen","image":{"@type":"ImageObject","inLanguage":"sr-RS","@id":"https:\/\/oesfrauen.com\/#\/schema\/person\/image\/","url":"https:\/\/secure.gravatar.com\/avatar\/151a6d1f58ceef7aa1a8192cfa1e382219ff3cbc03176ab5ad294bcc9740b701?s=96&d=mm&r=g","contentUrl":"https:\/\/secure.gravatar.com\/avatar\/151a6d1f58ceef7aa1a8192cfa1e382219ff3cbc03176ab5ad294bcc9740b701?s=96&d=mm&r=g","caption":"oesfrauen"},"sameAs":["http:\/\/oesfrauen.com"],"url":"https:\/\/oesfrauen.com\/sr\/author\/oesfrauen\/"}]}},"_links":{"self":[{"href":"https:\/\/oesfrauen.com\/sr\/wp-json\/wp\/v2\/posts\/100947","targetHints":{"allow":["GET"]}}],"collection":[{"href":"https:\/\/oesfrauen.com\/sr\/wp-json\/wp\/v2\/posts"}],"about":[{"href":"https:\/\/oesfrauen.com\/sr\/wp-json\/wp\/v2\/types\/post"}],"author":[{"embeddable":true,"href":"https:\/\/oesfrauen.com\/sr\/wp-json\/wp\/v2\/users\/1"}],"replies":[{"embeddable":true,"href":"https:\/\/oesfrauen.com\/sr\/wp-json\/wp\/v2\/comments?post=100947"}],"version-history":[{"count":4,"href":"https:\/\/oesfrauen.com\/sr\/wp-json\/wp\/v2\/posts\/100947\/revisions"}],"predecessor-version":[{"id":100966,"href":"https:\/\/oesfrauen.com\/sr\/wp-json\/wp\/v2\/posts\/100947\/revisions\/100966"}],"wp:featuredmedia":[{"embeddable":true,"href":"https:\/\/oesfrauen.com\/sr\/wp-json\/wp\/v2\/media\/100951"}],"wp:attachment":[{"href":"https:\/\/oesfrauen.com\/sr\/wp-json\/wp\/v2\/media?parent=100947"}],"wp:term":[{"taxonomy":"category","embeddable":true,"href":"https:\/\/oesfrauen.com\/sr\/wp-json\/wp\/v2\/categories?post=100947"},{"taxonomy":"post_tag","embeddable":true,"href":"https:\/\/oesfrauen.com\/sr\/wp-json\/wp\/v2\/tags?post=100947"}],"curies":[{"name":"wp","href":"https:\/\/api.w.org\/{rel}","templated":true}]}}