{"id":100753,"date":"2024-12-13T10:00:15","date_gmt":"2024-12-13T10:00:15","guid":{"rendered":"https:\/\/oesfrauen.com\/?p=100753"},"modified":"2024-12-13T11:36:40","modified_gmt":"2024-12-13T11:36:40","slug":"modenscha-break-the-silence","status":"publish","type":"post","link":"https:\/\/oesfrauen.com\/sr\/modenscha-break-the-silence\/","title":{"rendered":"Modescha &#8222;Break the silence&#8220;"},"content":{"rendered":"<p>[et_pb_section fb_built=&#8220;1&#8243; _builder_version=&#8220;4.27.0&#8243; _module_preset=&#8220;default&#8220; custom_padding=&#8220;0px|||||&#8220; global_colors_info=&#8220;{}&#8220;][et_pb_row column_structure=&#8220;1_2,1_2&#8243; _builder_version=&#8220;4.27.3&#8243; _module_preset=&#8220;default&#8220; width=&#8220;95%&#8220; max_width=&#8220;95%&#8220; global_colors_info=&#8220;{}&#8220;][et_pb_column type=&#8220;1_2&#8243; _builder_version=&#8220;4.27.0&#8243; _module_preset=&#8220;default&#8220; global_colors_info=&#8220;{}&#8220;][et_pb_image src=&#8220;https:\/\/oesfrauen.com\/wp-content\/uploads\/2024\/11\/466704652_558694103421444_1767499204570384023_n.jpg&#8220; title_text=&#8220;466704652_558694103421444_1767499204570384023_n&#8220; _builder_version=&#8220;4.27.3&#8243; _module_preset=&#8220;default&#8220; border_radii=&#8220;on|20px|20px|20px|20px&#8220; box_shadow_style=&#8220;preset1&#8243; global_colors_info=&#8220;{}&#8220;][\/et_pb_image][\/et_pb_column][et_pb_column type=&#8220;1_2&#8243; _builder_version=&#8220;4.27.0&#8243; _module_preset=&#8220;default&#8220; global_colors_info=&#8220;{}&#8220;][et_pb_text _builder_version=&#8220;4.27.3&#8243; _module_preset=&#8220;default&#8220; global_colors_info=&#8220;{}&#8220;]<\/p>\n<p>\u2728 Die Modeschau \u201eBreak the Silence\u201c beleuchtet die mutige Geschichte einer Frau, die gegen Gewalt und das Schweigen, das sie umgibt, k\u00e4mpft. Nach gro\u00dfem Erfolg in Belgrad wird diese inspirierende Geschichte nun auch in \u00d6sterreich, dank des Frauenvereins Heroina, erz\u00e4hlt. \u2764\ufe0f<\/p>\n<p>\u270a Wir setzen den Kampf gegen Gewalt fort und wollen gemeinsam eine Stimme sein, die die Welt ver\u00e4ndert. Seid Teil dieser wichtigen Bewegung! \ud83c\udf0d<\/p>\n<p>\ud83d\udcc5 Datum: 15.12.2024<br \/>\ud83d\udd52 Zeit: 18:00 Uhr<br \/>\ud83d\udccd Ort: Burg Perchtoldsdorf, Paul-Katzberger-Platz 1, 2380 Perchtoldsdorf<\/p>\n<p>Programm:<br \/>\ud83d\udc60 Pr\u00e4sentation der Modenschau \u201eBreak the Silence\u201c<br \/>\ud83d\udc65 Informationsrunde und Expertinnenrunde mit wichtigen Tipps zum Schutz vor Gewalt und zur Selbstverteidigung f\u00fcr Frauen<br \/>\ud83c\udf77 Gem\u00fctliches Beisammensein, Get-together und Networking bei Punsch und weihnachtlicher Stimmung.<\/p>\n<p>\ud83c\udf9f\ufe0f Der Eintritt ist frei, freiwillige Spenden kommen Frauen zugute, die Opfer von Gewalt geworden sind. \ud83d\udc96<\/p>\n<p>\u2728 Kommt vorbei, genie\u00dft die Show und seid Teil der Ver\u00e4nderung!<\/p>\n<p>Euer \u00d6SF<\/p>\n<p>[\/et_pb_text][\/et_pb_column][\/et_pb_row][et_pb_row _builder_version=&#8220;4.27.3&#8243; _module_preset=&#8220;default&#8220; width=&#8220;95%&#8220; max_width=&#8220;95%&#8220; global_colors_info=&#8220;{}&#8220;][et_pb_column type=&#8220;4_4&#8243; _builder_version=&#8220;4.27.3&#8243; _module_preset=&#8220;default&#8220; global_colors_info=&#8220;{}&#8220;][et_pb_text _builder_version=&#8220;4.27.3&#8243; _module_preset=&#8220;default&#8220; global_colors_info=&#8220;{}&#8220;]<\/p>\n<p>\ud83c\udf1f Trenutak je do\u0161ao za prelom ti\u0161ine!\ud83c\udf1f<\/p>\n<p>Modna revija i stru\u010dna diskusija za osna\u017eivanje svih koji su pogo\u0111eni bilo kojim oblikom nasilja. \ud83e\udebd<\/p>\n<p>\u2728 Modna revija \u201eBreak the Silence\u201c osvetljava hrabru pri\u010du \u017eene koja se bori protiv nasilja i ti\u0161ine koja je okru\u017euje. Nakon velikog uspeha u Beogradu, ova inspirativna pri\u010da dolazi i u Austriju, zahvaljuju\u0107i \u017eenskoj organizaciji Heroine. \u2764\ufe0f<\/p>\n<p>\u270a Nastavljamo borbu protiv nasilja i \u017eelimo zajedno da budemo glas koji menja svet. Budite deo ovog va\u017enog pokreta! \ud83c\udf0d<\/p>\n<p>\ud83d\udcc5 Datum: 15.12.2024.<br \/>\ud83d\udd52 Vreme: 18:00 \u010dasova<br \/>\ud83d\udccd Mesto: Burg Perchtoldsdorf, Paul-Katzberger-Platz 1, 2380 Perchtoldsdorf<\/p>\n<p>Program:<br \/>\ud83d\udc60 Prezentacija modne revije \u201eBreak the Silence\u201c<br \/>\ud83d\udc65 Informativna i stru\u010dna diskusija sa va\u017enim savetima za za\u0161titu od nasilja i samoza\u0161titu za \u017eene<br \/>\ud83c\udf77 get-together i umre\u017eavanje uz pun\u010d i prazni\u010dnu atmosferu<\/p>\n<p>\ud83c\udf9f\ufe0f Ulaz je slobodan, a dobrovoljni prilozi namenjeni su \u017eenama koje su pre\u017eivele nasilje. \ud83d\udc96<\/p>\n<p>\u2728 Do\u0111ite, u\u017eivajte u reviji i budite deo promene! \u2728<\/p>\n<p>Va\u0161 \u00d6SF<\/p>\n<p>[\/et_pb_text][\/et_pb_column][\/et_pb_row][\/et_pb_section]<\/p>","protected":false},"excerpt":{"rendered":"<p>\u2728 Die Modeschau \u201eBreak the Silence\u201c beleuchtet die mutige Geschichte einer Frau, die gegen Gewalt und das Schweigen, das sie umgibt, k\u00e4mpft. Nach gro\u00dfem Erfolg in Belgrad wird diese inspirierende Geschichte nun auch in \u00d6sterreich, dank des Frauenvereins Heroina, erz\u00e4hlt. \u2764\ufe0f \u270a Wir setzen den Kampf gegen Gewalt fort und wollen gemeinsam eine Stimme sein, [&hellip;]<\/p>","protected":false},"author":1,"featured_media":100756,"comment_status":"closed","ping_status":"closed","sticky":false,"template":"","format":"standard","meta":{"_et_pb_use_builder":"on","_et_pb_old_content":"","_et_gb_content_width":"","footnotes":""},"categories":[4],"tags":[],"class_list":["post-100753","post","type-post","status-publish","format-standard","has-post-thumbnail","hentry","category-veranstaltungen"],"yoast_head":"<!-- This site is optimized with the Yoast SEO plugin v24.6 - https:\/\/yoast.com\/wordpress\/plugins\/seo\/ -->\n<title>Modescha &quot;Break the silence&quot; - OESFRAUEN<\/title>\n<meta name=\"robots\" content=\"index, follow, max-snippet:-1, max-image-preview:large, max-video-preview:-1\" \/>\n<link rel=\"canonical\" href=\"https:\/\/oesfrauen.com\/sr\/modenscha-break-the-silence\/\" \/>\n<meta property=\"og:locale\" content=\"sr_RS\" \/>\n<meta property=\"og:type\" content=\"article\" \/>\n<meta property=\"og:title\" content=\"Modescha &quot;Break the silence&quot; - OESFRAUEN\" \/>\n<meta property=\"og:description\" content=\"\u2728 Die Modeschau \u201eBreak the Silence\u201c beleuchtet die mutige Geschichte einer Frau, die gegen Gewalt und das Schweigen, das sie umgibt, k\u00e4mpft. Nach gro\u00dfem Erfolg in Belgrad wird diese inspirierende Geschichte nun auch in \u00d6sterreich, dank des Frauenvereins Heroina, erz\u00e4hlt. \u2764\ufe0f \u270a Wir setzen den Kampf gegen Gewalt fort und wollen gemeinsam eine Stimme sein, [&hellip;]\" \/>\n<meta property=\"og:url\" content=\"https:\/\/oesfrauen.com\/sr\/modenscha-break-the-silence\/\" \/>\n<meta property=\"og:site_name\" content=\"OESFRAUEN\" \/>\n<meta property=\"article:published_time\" content=\"2024-12-13T10:00:15+00:00\" \/>\n<meta property=\"article:modified_time\" content=\"2024-12-13T11:36:40+00:00\" \/>\n<meta property=\"og:image\" content=\"https:\/\/oesfrauen.com\/wp-content\/uploads\/2024\/11\/466704652_558694103421444_1767499204570384023_n.jpg\" \/>\n\t<meta property=\"og:image:width\" content=\"1080\" \/>\n\t<meta property=\"og:image:height\" content=\"1080\" \/>\n\t<meta property=\"og:image:type\" content=\"image\/jpeg\" \/>\n<meta name=\"author\" content=\"oesfrauen\" \/>\n<meta name=\"twitter:card\" content=\"summary_large_image\" \/>\n<meta name=\"twitter:label1\" content=\"\u041d\u0430\u043f\u0438\u0441\u0430\u043d\u043e \u043e\u0434\" \/>\n\t<meta name=\"twitter:data1\" content=\"oesfrauen\" \/>\n\t<meta name=\"twitter:label2\" content=\"\u041f\u0440\u043e\u0446\u0435\u045a\u0435\u043d\u043e \u0432\u0440\u0435\u043c\u0435 \u0447\u0438\u0442\u0430\u045a\u0430\" \/>\n\t<meta name=\"twitter:data2\" content=\"2 \u043c\u0438\u043d\u0443\u0442\u0430\" \/>\n<script type=\"application\/ld+json\" class=\"yoast-schema-graph\">{\"@context\":\"https:\/\/schema.org\",\"@graph\":[{\"@type\":\"Article\",\"@id\":\"https:\/\/oesfrauen.com\/modenscha-break-the-silence\/#article\",\"isPartOf\":{\"@id\":\"https:\/\/oesfrauen.com\/modenscha-break-the-silence\/\"},\"author\":{\"name\":\"oesfrauen\",\"@id\":\"https:\/\/oesfrauen.com\/#\/schema\/person\/d290d98e11aa667c068fde48a5d1265b\"},\"headline\":\"Modescha &#8222;Break the silence&#8220;\",\"datePublished\":\"2024-12-13T10:00:15+00:00\",\"dateModified\":\"2024-12-13T11:36:40+00:00\",\"mainEntityOfPage\":{\"@id\":\"https:\/\/oesfrauen.com\/modenscha-break-the-silence\/\"},\"wordCount\":460,\"publisher\":{\"@id\":\"https:\/\/oesfrauen.com\/#organization\"},\"image\":{\"@id\":\"https:\/\/oesfrauen.com\/modenscha-break-the-silence\/#primaryimage\"},\"thumbnailUrl\":\"https:\/\/oesfrauen.com\/wp-content\/uploads\/2024\/11\/466704652_558694103421444_1767499204570384023_n.jpg\",\"articleSection\":[\"Veranstaltungen\"],\"inLanguage\":\"sr-RS\"},{\"@type\":\"WebPage\",\"@id\":\"https:\/\/oesfrauen.com\/modenscha-break-the-silence\/\",\"url\":\"https:\/\/oesfrauen.com\/modenscha-break-the-silence\/\",\"name\":\"Modescha \\\"Break the silence\\\" - OESFRAUEN\",\"isPartOf\":{\"@id\":\"https:\/\/oesfrauen.com\/#website\"},\"primaryImageOfPage\":{\"@id\":\"https:\/\/oesfrauen.com\/modenscha-break-the-silence\/#primaryimage\"},\"image\":{\"@id\":\"https:\/\/oesfrauen.com\/modenscha-break-the-silence\/#primaryimage\"},\"thumbnailUrl\":\"https:\/\/oesfrauen.com\/wp-content\/uploads\/2024\/11\/466704652_558694103421444_1767499204570384023_n.jpg\",\"datePublished\":\"2024-12-13T10:00:15+00:00\",\"dateModified\":\"2024-12-13T11:36:40+00:00\",\"breadcrumb\":{\"@id\":\"https:\/\/oesfrauen.com\/modenscha-break-the-silence\/#breadcrumb\"},\"inLanguage\":\"sr-RS\",\"potentialAction\":[{\"@type\":\"ReadAction\",\"target\":[\"https:\/\/oesfrauen.com\/modenscha-break-the-silence\/\"]}]},{\"@type\":\"ImageObject\",\"inLanguage\":\"sr-RS\",\"@id\":\"https:\/\/oesfrauen.com\/modenscha-break-the-silence\/#primaryimage\",\"url\":\"https:\/\/oesfrauen.com\/wp-content\/uploads\/2024\/11\/466704652_558694103421444_1767499204570384023_n.jpg\",\"contentUrl\":\"https:\/\/oesfrauen.com\/wp-content\/uploads\/2024\/11\/466704652_558694103421444_1767499204570384023_n.jpg\",\"width\":1080,\"height\":1080},{\"@type\":\"BreadcrumbList\",\"@id\":\"https:\/\/oesfrauen.com\/modenscha-break-the-silence\/#breadcrumb\",\"itemListElement\":[{\"@type\":\"ListItem\",\"position\":1,\"name\":\"Home\",\"item\":\"https:\/\/oesfrauen.com\/\"},{\"@type\":\"ListItem\",\"position\":2,\"name\":\"Modescha &#8220;Break the silence&#8221;\"}]},{\"@type\":\"WebSite\",\"@id\":\"https:\/\/oesfrauen.com\/#website\",\"url\":\"https:\/\/oesfrauen.com\/\",\"name\":\"\u00d6sterreichisch - Serbische Frauen, \u00d6SF\",\"description\":\"Gesellschaft \u00d6sterreichisch-Serbische Frauen\",\"publisher\":{\"@id\":\"https:\/\/oesfrauen.com\/#organization\"},\"potentialAction\":[{\"@type\":\"SearchAction\",\"target\":{\"@type\":\"EntryPoint\",\"urlTemplate\":\"https:\/\/oesfrauen.com\/?s={search_term_string}\"},\"query-input\":{\"@type\":\"PropertyValueSpecification\",\"valueRequired\":true,\"valueName\":\"search_term_string\"}}],\"inLanguage\":\"sr-RS\"},{\"@type\":\"Organization\",\"@id\":\"https:\/\/oesfrauen.com\/#organization\",\"name\":\"OESFRAUEN\",\"url\":\"https:\/\/oesfrauen.com\/\",\"logo\":{\"@type\":\"ImageObject\",\"inLanguage\":\"sr-RS\",\"@id\":\"https:\/\/oesfrauen.com\/#\/schema\/logo\/image\/\",\"url\":\"https:\/\/oesfrauen.com\/wp-content\/uploads\/2024\/05\/DRS2Asset_1100-removebg-preview.png\",\"contentUrl\":\"https:\/\/oesfrauen.com\/wp-content\/uploads\/2024\/05\/DRS2Asset_1100-removebg-preview.png\",\"width\":500,\"height\":500,\"caption\":\"OESFRAUEN\"},\"image\":{\"@id\":\"https:\/\/oesfrauen.com\/#\/schema\/logo\/image\/\"}},{\"@type\":\"Person\",\"@id\":\"https:\/\/oesfrauen.com\/#\/schema\/person\/d290d98e11aa667c068fde48a5d1265b\",\"name\":\"oesfrauen\",\"image\":{\"@type\":\"ImageObject\",\"inLanguage\":\"sr-RS\",\"@id\":\"https:\/\/oesfrauen.com\/#\/schema\/person\/image\/\",\"url\":\"https:\/\/secure.gravatar.com\/avatar\/151a6d1f58ceef7aa1a8192cfa1e382219ff3cbc03176ab5ad294bcc9740b701?s=96&d=mm&r=g\",\"contentUrl\":\"https:\/\/secure.gravatar.com\/avatar\/151a6d1f58ceef7aa1a8192cfa1e382219ff3cbc03176ab5ad294bcc9740b701?s=96&d=mm&r=g\",\"caption\":\"oesfrauen\"},\"sameAs\":[\"http:\/\/oesfrauen.com\"],\"url\":\"https:\/\/oesfrauen.com\/sr\/author\/oesfrauen\/\"}]}<\/script>\n<!-- \/ Yoast SEO plugin. -->","yoast_head_json":{"title":"Modescha \"Break the silence\" - OESFRAUEN","robots":{"index":"index","follow":"follow","max-snippet":"max-snippet:-1","max-image-preview":"max-image-preview:large","max-video-preview":"max-video-preview:-1"},"canonical":"https:\/\/oesfrauen.com\/sr\/modenscha-break-the-silence\/","og_locale":"sr_RS","og_type":"article","og_title":"Modescha \"Break the silence\" - OESFRAUEN","og_description":"\u2728 Die Modeschau \u201eBreak the Silence\u201c beleuchtet die mutige Geschichte einer Frau, die gegen Gewalt und das Schweigen, das sie umgibt, k\u00e4mpft. Nach gro\u00dfem Erfolg in Belgrad wird diese inspirierende Geschichte nun auch in \u00d6sterreich, dank des Frauenvereins Heroina, erz\u00e4hlt. \u2764\ufe0f \u270a Wir setzen den Kampf gegen Gewalt fort und wollen gemeinsam eine Stimme sein, [&hellip;]","og_url":"https:\/\/oesfrauen.com\/sr\/modenscha-break-the-silence\/","og_site_name":"OESFRAUEN","article_published_time":"2024-12-13T10:00:15+00:00","article_modified_time":"2024-12-13T11:36:40+00:00","og_image":[{"width":1080,"height":1080,"url":"https:\/\/oesfrauen.com\/wp-content\/uploads\/2024\/11\/466704652_558694103421444_1767499204570384023_n.jpg","type":"image\/jpeg"}],"author":"oesfrauen","twitter_card":"summary_large_image","twitter_misc":{"\u041d\u0430\u043f\u0438\u0441\u0430\u043d\u043e \u043e\u0434":"oesfrauen","\u041f\u0440\u043e\u0446\u0435\u045a\u0435\u043d\u043e \u0432\u0440\u0435\u043c\u0435 \u0447\u0438\u0442\u0430\u045a\u0430":"2 \u043c\u0438\u043d\u0443\u0442\u0430"},"schema":{"@context":"https:\/\/schema.org","@graph":[{"@type":"Article","@id":"https:\/\/oesfrauen.com\/modenscha-break-the-silence\/#article","isPartOf":{"@id":"https:\/\/oesfrauen.com\/modenscha-break-the-silence\/"},"author":{"name":"oesfrauen","@id":"https:\/\/oesfrauen.com\/#\/schema\/person\/d290d98e11aa667c068fde48a5d1265b"},"headline":"Modescha &#8222;Break the silence&#8220;","datePublished":"2024-12-13T10:00:15+00:00","dateModified":"2024-12-13T11:36:40+00:00","mainEntityOfPage":{"@id":"https:\/\/oesfrauen.com\/modenscha-break-the-silence\/"},"wordCount":460,"publisher":{"@id":"https:\/\/oesfrauen.com\/#organization"},"image":{"@id":"https:\/\/oesfrauen.com\/modenscha-break-the-silence\/#primaryimage"},"thumbnailUrl":"https:\/\/oesfrauen.com\/wp-content\/uploads\/2024\/11\/466704652_558694103421444_1767499204570384023_n.jpg","articleSection":["Veranstaltungen"],"inLanguage":"sr-RS"},{"@type":"WebPage","@id":"https:\/\/oesfrauen.com\/modenscha-break-the-silence\/","url":"https:\/\/oesfrauen.com\/modenscha-break-the-silence\/","name":"Modescha \"Break the silence\" - OESFRAUEN","isPartOf":{"@id":"https:\/\/oesfrauen.com\/#website"},"primaryImageOfPage":{"@id":"https:\/\/oesfrauen.com\/modenscha-break-the-silence\/#primaryimage"},"image":{"@id":"https:\/\/oesfrauen.com\/modenscha-break-the-silence\/#primaryimage"},"thumbnailUrl":"https:\/\/oesfrauen.com\/wp-content\/uploads\/2024\/11\/466704652_558694103421444_1767499204570384023_n.jpg","datePublished":"2024-12-13T10:00:15+00:00","dateModified":"2024-12-13T11:36:40+00:00","breadcrumb":{"@id":"https:\/\/oesfrauen.com\/modenscha-break-the-silence\/#breadcrumb"},"inLanguage":"sr-RS","potentialAction":[{"@type":"ReadAction","target":["https:\/\/oesfrauen.com\/modenscha-break-the-silence\/"]}]},{"@type":"ImageObject","inLanguage":"sr-RS","@id":"https:\/\/oesfrauen.com\/modenscha-break-the-silence\/#primaryimage","url":"https:\/\/oesfrauen.com\/wp-content\/uploads\/2024\/11\/466704652_558694103421444_1767499204570384023_n.jpg","contentUrl":"https:\/\/oesfrauen.com\/wp-content\/uploads\/2024\/11\/466704652_558694103421444_1767499204570384023_n.jpg","width":1080,"height":1080},{"@type":"BreadcrumbList","@id":"https:\/\/oesfrauen.com\/modenscha-break-the-silence\/#breadcrumb","itemListElement":[{"@type":"ListItem","position":1,"name":"Home","item":"https:\/\/oesfrauen.com\/"},{"@type":"ListItem","position":2,"name":"Modescha &#8220;Break the silence&#8221;"}]},{"@type":"WebSite","@id":"https:\/\/oesfrauen.com\/#website","url":"https:\/\/oesfrauen.com\/","name":"\u00d6sterreichisch - Serbische Frauen, \u00d6SF","description":"Gesellschaft \u00d6sterreichisch-Serbische Frauen","publisher":{"@id":"https:\/\/oesfrauen.com\/#organization"},"potentialAction":[{"@type":"SearchAction","target":{"@type":"EntryPoint","urlTemplate":"https:\/\/oesfrauen.com\/?s={search_term_string}"},"query-input":{"@type":"PropertyValueSpecification","valueRequired":true,"valueName":"search_term_string"}}],"inLanguage":"sr-RS"},{"@type":"Organization","@id":"https:\/\/oesfrauen.com\/#organization","name":"OESFRAUEN","url":"https:\/\/oesfrauen.com\/","logo":{"@type":"ImageObject","inLanguage":"sr-RS","@id":"https:\/\/oesfrauen.com\/#\/schema\/logo\/image\/","url":"https:\/\/oesfrauen.com\/wp-content\/uploads\/2024\/05\/DRS2Asset_1100-removebg-preview.png","contentUrl":"https:\/\/oesfrauen.com\/wp-content\/uploads\/2024\/05\/DRS2Asset_1100-removebg-preview.png","width":500,"height":500,"caption":"OESFRAUEN"},"image":{"@id":"https:\/\/oesfrauen.com\/#\/schema\/logo\/image\/"}},{"@type":"Person","@id":"https:\/\/oesfrauen.com\/#\/schema\/person\/d290d98e11aa667c068fde48a5d1265b","name":"oesfrauen","image":{"@type":"ImageObject","inLanguage":"sr-RS","@id":"https:\/\/oesfrauen.com\/#\/schema\/person\/image\/","url":"https:\/\/secure.gravatar.com\/avatar\/151a6d1f58ceef7aa1a8192cfa1e382219ff3cbc03176ab5ad294bcc9740b701?s=96&d=mm&r=g","contentUrl":"https:\/\/secure.gravatar.com\/avatar\/151a6d1f58ceef7aa1a8192cfa1e382219ff3cbc03176ab5ad294bcc9740b701?s=96&d=mm&r=g","caption":"oesfrauen"},"sameAs":["http:\/\/oesfrauen.com"],"url":"https:\/\/oesfrauen.com\/sr\/author\/oesfrauen\/"}]}},"_links":{"self":[{"href":"https:\/\/oesfrauen.com\/sr\/wp-json\/wp\/v2\/posts\/100753","targetHints":{"allow":["GET"]}}],"collection":[{"href":"https:\/\/oesfrauen.com\/sr\/wp-json\/wp\/v2\/posts"}],"about":[{"href":"https:\/\/oesfrauen.com\/sr\/wp-json\/wp\/v2\/types\/post"}],"author":[{"embeddable":true,"href":"https:\/\/oesfrauen.com\/sr\/wp-json\/wp\/v2\/users\/1"}],"replies":[{"embeddable":true,"href":"https:\/\/oesfrauen.com\/sr\/wp-json\/wp\/v2\/comments?post=100753"}],"version-history":[{"count":7,"href":"https:\/\/oesfrauen.com\/sr\/wp-json\/wp\/v2\/posts\/100753\/revisions"}],"predecessor-version":[{"id":100763,"href":"https:\/\/oesfrauen.com\/sr\/wp-json\/wp\/v2\/posts\/100753\/revisions\/100763"}],"wp:featuredmedia":[{"embeddable":true,"href":"https:\/\/oesfrauen.com\/sr\/wp-json\/wp\/v2\/media\/100756"}],"wp:attachment":[{"href":"https:\/\/oesfrauen.com\/sr\/wp-json\/wp\/v2\/media?parent=100753"}],"wp:term":[{"taxonomy":"category","embeddable":true,"href":"https:\/\/oesfrauen.com\/sr\/wp-json\/wp\/v2\/categories?post=100753"},{"taxonomy":"post_tag","embeddable":true,"href":"https:\/\/oesfrauen.com\/sr\/wp-json\/wp\/v2\/tags?post=100753"}],"curies":[{"name":"wp","href":"https:\/\/api.w.org\/{rel}","templated":true}]}}